{"id":572,"date":"2010-09-07T13:38:08","date_gmt":"2010-09-07T12:38:08","guid":{"rendered":"http:\/\/www.parksandlandscapes.org\/blog\/?p=572"},"modified":"2022-05-28T19:55:53","modified_gmt":"2022-05-28T18:55:53","slug":"budapest-summer-2010","status":"publish","type":"post","link":"https:\/\/parksandlandscapes.org\/blog\/budapest-summer-2010\/","title":{"rendered":"Budapest"},"content":{"rendered":"<p>This summer holiday we spent in the <a href=\"http:\/\/www.hongarijevakantiehuis.com\/index.html\" target=\"_blank\" rel=\"noopener\"><strong>holiday house Bertha<\/strong>&nbsp;<\/a> situated in the <strong>Matra<\/strong> mountains 150 km to the&nbsp;north-east of <strong>Budapest<\/strong>, opposite the lake T\u00f3&nbsp;which is near&nbsp;<strong>Arl\u00f3<\/strong>.&nbsp; Arl\u00f3 is a village of about 4300 inhabitants, it dates from the 11th century. It is a beautiful area which is ideal for people who like quiet, not crowded places. The surroundings are really picturesque, especially towards village <strong>Belapatfalva<\/strong> where you can find very old <strong>abbey<\/strong>.<br>Not far from<strong> Arl\u00f3&nbsp;<\/strong>is the <strong>\u00d3zd<\/strong> town with <!--more-->large outdoor and indoor swimming pools, supermarkets, <strong>restaurants and pizzeria&#8217;s<\/strong>. It is certainly surprising how clean and neat everywhere, you will not see litter or beer cans on the streets, but many trees and flowers. On our way back we visited <strong>Budapest<\/strong>, which is beautiful located on the bank of the river <strong>Donau<\/strong> and is surrounded by mountains.<\/p>\n<p>Photos <span style=\"color: #000000;\">reuse:<\/span> <a href=\"http:\/\/www.parksandlandscapes.org\/blog\/about\/terms-and-conditions\/\" target=\"_blank\" rel=\"noopener\"><strong>Terms and Conditions<\/strong><\/a><\/p>\n<p>Panoramic views of Budapest, Hungary, 07.2010<\/p>\n<div id='gallery-1' class='gallery galleryid-572 gallery-columns-3 gallery-size-thumbnail'><figure class='gallery-item'>\n\t\t\t<div class='gallery-icon landscape'>\n\t\t\t\t<a href='https:\/\/parksandlandscapes.org\/blog\/wp-content\/uploads\/Panoramic-view-Budapest-Hungary2-07.2010.jpg'><img loading=\"lazy\" decoding=\"async\" width=\"150\" height=\"150\" src=\"https:\/\/parksandlandscapes.org\/blog\/wp-content\/uploads\/Panoramic-view-Budapest-Hungary2-07.2010-150x150.jpg\" class=\"attachment-thumbnail size-thumbnail\" alt=\"\" \/><\/a>\n\t\t\t<\/div><\/figure><figure class='gallery-item'>\n\t\t\t<div class='gallery-icon landscape'>\n\t\t\t\t<a href='https:\/\/parksandlandscapes.org\/blog\/wp-content\/uploads\/Panoramic-view-Budapest-Hungary-07.2010.jpg'><img loading=\"lazy\" decoding=\"async\" width=\"150\" height=\"150\" src=\"https:\/\/parksandlandscapes.org\/blog\/wp-content\/uploads\/Panoramic-view-Budapest-Hungary-07.2010-150x150.jpg\" class=\"attachment-thumbnail size-thumbnail\" alt=\"\" \/><\/a>\n\t\t\t<\/div><\/figure><figure class='gallery-item'>\n\t\t\t<div class='gallery-icon landscape'>\n\t\t\t\t<a href='https:\/\/parksandlandscapes.org\/blog\/wp-content\/uploads\/Donau-panoramic-view-Budapest-Hungary-07.2010.jpg'><img loading=\"lazy\" decoding=\"async\" width=\"150\" height=\"150\" src=\"https:\/\/parksandlandscapes.org\/blog\/wp-content\/uploads\/Donau-panoramic-view-Budapest-Hungary-07.2010-150x150.jpg\" class=\"attachment-thumbnail size-thumbnail\" alt=\"\" \/><\/a>\n\t\t\t<\/div><\/figure>\n\t\t<\/div>\n\n<p>Pictures of the <strong>Matra<\/strong> mountains and&nbsp;<b><span style=\"color: #191e23;\">Belapatfalva<\/span><\/b>, 07.2010<\/p>\n<div id='gallery-2' class='gallery galleryid-572 gallery-columns-3 gallery-size-thumbnail'><figure class='gallery-item'>\n\t\t\t<div class='gallery-icon landscape'>\n\t\t\t\t<a href='https:\/\/parksandlandscapes.org\/blog\/wp-content\/uploads\/Old-Abbey-in-Belapatfalva-Hungary-2.jpg'><img loading=\"lazy\" decoding=\"async\" width=\"150\" height=\"150\" src=\"https:\/\/parksandlandscapes.org\/blog\/wp-content\/uploads\/Old-Abbey-in-Belapatfalva-Hungary-2-150x150.jpg\" class=\"attachment-thumbnail size-thumbnail\" alt=\"\" \/><\/a>\n\t\t\t<\/div><\/figure><figure class='gallery-item'>\n\t\t\t<div class='gallery-icon landscape'>\n\t\t\t\t<a href='https:\/\/parksandlandscapes.org\/blog\/wp-content\/uploads\/Old-Abbey-in-Belapatfalva-Hungary-1-1.jpg'><img loading=\"lazy\" decoding=\"async\" width=\"150\" height=\"150\" src=\"https:\/\/parksandlandscapes.org\/blog\/wp-content\/uploads\/Old-Abbey-in-Belapatfalva-Hungary-1-1-150x150.jpg\" class=\"attachment-thumbnail size-thumbnail\" alt=\"\" \/><\/a>\n\t\t\t<\/div><\/figure><figure class='gallery-item'>\n\t\t\t<div class='gallery-icon landscape'>\n\t\t\t\t<a href='https:\/\/parksandlandscapes.org\/blog\/wp-content\/uploads\/Matra-mountains-20101-1.jpg'><img loading=\"lazy\" decoding=\"async\" width=\"150\" height=\"150\" src=\"https:\/\/parksandlandscapes.org\/blog\/wp-content\/uploads\/Matra-mountains-20101-1-150x150.jpg\" class=\"attachment-thumbnail size-thumbnail\" alt=\"\" aria-describedby=\"gallery-2-5550\" \/><\/a>\n\t\t\t<\/div>\n\t\t\t\t<figcaption class='wp-caption-text gallery-caption' id='gallery-2-5550'>\n\t\t\t\tMatra mountains, Hungary, 07.2010\n\t\t\t\t<\/figcaption><\/figure><figure class='gallery-item'>\n\t\t\t<div class='gallery-icon landscape'>\n\t\t\t\t<a href='https:\/\/parksandlandscapes.org\/blog\/wp-content\/uploads\/Matra-mountains-2-1.jpg'><img loading=\"lazy\" decoding=\"async\" width=\"150\" height=\"150\" src=\"https:\/\/parksandlandscapes.org\/blog\/wp-content\/uploads\/Matra-mountains-2-1-150x150.jpg\" class=\"attachment-thumbnail size-thumbnail\" alt=\"\" \/><\/a>\n\t\t\t<\/div><\/figure><figure class='gallery-item'>\n\t\t\t<div class='gallery-icon landscape'>\n\t\t\t\t<a href='https:\/\/parksandlandscapes.org\/blog\/wp-content\/uploads\/Along-the-high-way-Hungary-2010-1.jpg'><img loading=\"lazy\" decoding=\"async\" width=\"150\" height=\"150\" src=\"https:\/\/parksandlandscapes.org\/blog\/wp-content\/uploads\/Along-the-high-way-Hungary-2010-1-150x150.jpg\" class=\"attachment-thumbnail size-thumbnail\" alt=\"\" \/><\/a>\n\t\t\t<\/div><\/figure>\n\t\t<\/div>\n\n<p>Pictures of Budapest, Hungary, 07.2010<\/p>\nngg_shortcode_0_placeholder\n\n\n<p><\/p>\n","protected":false},"excerpt":{"rendered":"<div class=\"mh-excerpt\"><p>This summer holiday we spent in the holiday house Bertha&nbsp; situated in the Matra mountains 150 km to the&nbsp;north-east of Budapest, opposite the lake T\u00f3&nbsp;which <a class=\"mh-excerpt-more\" href=\"https:\/\/parksandlandscapes.org\/blog\/budapest-summer-2010\/\" title=\"Budapest\">[&#8230;]<\/a><\/p>\n<\/div>","protected":false},"author":25,"featured_media":5530,"comment_status":"closed","ping_status":"closed","sticky":false,"template":"","format":"standard","meta":{"ngg_post_thumbnail":2692,"footnotes":""},"categories":[63,54],"tags":[440,209,315,192,296,313],"class_list":["post-572","post","type-post","status-publish","format-standard","has-post-thumbnail","hentry","category-city-landscape","category-holidays","tag-countrystudyhungary","tag-pal_countrystudy","tag-placestovisit","tag-travel-destinations-europe","tag-travelphotography","tag-travelphotos"],"psp_head":"<title>Budapest \u2013 Parks and Landscapes<\/title>\r\n<meta name=\"description\" content=\"This summer holiday we spent in the holiday house Bertha&nbsp; situated in the Matra mountains 150 km to the&nbsp;north-east of Budapest, opposite the lake T\u00f3&nbsp;which is near&nbsp;Arl\u00f3.&nbsp; Arl\u00f3 is a village of about 4300 inhabitants, it dates from the 11th century.\" \/>\r\n<meta name=\"robots\" content=\"index,follow\" \/>\r\n<link rel=\"canonical\" href=\"https:\/\/parksandlandscapes.org\/blog\/budapest-summer-2010\/\" \/>\r\n","_links":{"self":[{"href":"https:\/\/parksandlandscapes.org\/blog\/wp-json\/wp\/v2\/posts\/572","targetHints":{"allow":["GET"]}}],"collection":[{"href":"https:\/\/parksandlandscapes.org\/blog\/wp-json\/wp\/v2\/posts"}],"about":[{"href":"https:\/\/parksandlandscapes.org\/blog\/wp-json\/wp\/v2\/types\/post"}],"author":[{"embeddable":true,"href":"https:\/\/parksandlandscapes.org\/blog\/wp-json\/wp\/v2\/users\/25"}],"replies":[{"embeddable":true,"href":"https:\/\/parksandlandscapes.org\/blog\/wp-json\/wp\/v2\/comments?post=572"}],"version-history":[{"count":0,"href":"https:\/\/parksandlandscapes.org\/blog\/wp-json\/wp\/v2\/posts\/572\/revisions"}],"wp:featuredmedia":[{"embeddable":true,"href":"https:\/\/parksandlandscapes.org\/blog\/wp-json\/wp\/v2\/media\/5530"}],"wp:attachment":[{"href":"https:\/\/parksandlandscapes.org\/blog\/wp-json\/wp\/v2\/media?parent=572"}],"wp:term":[{"taxonomy":"category","embeddable":true,"href":"https:\/\/parksandlandscapes.org\/blog\/wp-json\/wp\/v2\/categories?post=572"},{"taxonomy":"post_tag","embeddable":true,"href":"https:\/\/parksandlandscapes.org\/blog\/wp-json\/wp\/v2\/tags?post=572"}],"curies":[{"name":"wp","href":"https:\/\/api.w.org\/{rel}","templated":true}]}}